{"id":870,"date":"2011-11-26T22:47:28","date_gmt":"2011-11-26T21:47:28","guid":{"rendered":"http:\/\/www.manager-positif.com\/blog\/?p=870"},"modified":"2011-11-29T00:40:16","modified_gmt":"2011-11-28T23:40:16","slug":"une-semaine-de-coaching-dans-le-sahara","status":"publish","type":"post","link":"http:\/\/www.manager-positif.com\/blog\/une-semaine-de-coaching-dans-le-sahara\/","title":{"rendered":"Une semaine de coaching dans le Sahara"},"content":{"rendered":"<p><a href=\"http:\/\/www.manager-positif.com\/blog\/une-semaine-de-coaching-dans-le-sahara\/berberesweb\/\" rel=\"attachment wp-att-872\"><img loading=\"lazy\" decoding=\"async\" class=\"alignright size-full wp-image-872\" title=\"Sahara 2011\" src=\"http:\/\/www.manager-positif.com\/blog\/wp-content\/uploads\/2011\/11\/BerberesWeb.jpg\" alt=\"Semaine de coaching dans le Sahara\" width=\"245\" height=\"154\" srcset=\"http:\/\/www.manager-positif.com\/blog\/wp-content\/uploads\/2011\/11\/BerberesWeb.jpg 500w, http:\/\/www.manager-positif.com\/blog\/wp-content\/uploads\/2011\/11\/BerberesWeb-300x188.jpg 300w\" sizes=\"auto, (max-width: 245px) 100vw, 245px\" \/><\/a><\/p>\n<p><em>\u00ab Je me r\u00e9veille et m&rsquo;\u00e9tire paresseusement. Le soleil brille d\u00e9j\u00e0 dans le\u00a0ciel d&rsquo;un bleu azur incroyablement pur.<\/em><br \/>\n<em>Tout autour de moi, les dunes ocre du d\u00e9sert forment un d\u00e9cor majestueux \u00e0 perte de vue.<\/em><br \/>\n<em>J&rsquo;\u00e9prouve une incroyable sensation de bien-\u00eatre.<\/em><\/p>\n<p><em>Peu \u00e0 peu, les autres membres de la caravane se retrouvent autour du campement et se\u00a0saluent chaleureusement. <\/em><br \/>\n<em>Les plaisanteries et les rires fusent.<\/em><\/p>\n<p><em>Chacun d&rsquo;entre nous est venu d\u00e9poser ici, dans le Sahara, ses soucis, ses questions et ses\u00a0projets.<\/em><\/p>\n<p><em>Dans quelques minutes, apr\u00e8s un d\u00e9licieux petit-d\u00e9jeuner pr\u00e9par\u00e9 par notre cuisinier\u00a0Berb\u00e8re, nous allons repartir marcher avec nos coachs, et \u00e9changer sur nos projets, nos\u00a0d\u00e9fis, le sens que nous voulons donner \u00e0 notre vie\u2026\u00a0<\/em><\/p>\n<p><em>Je me revois encore, il y a quelques jours \u00e0 peine, sautant d&rsquo;un rendez-vous \u00e0 une r\u00e9union,\u00a0encha\u00eenant les obligations, courant apr\u00e8s ma vie\u2026 \u00bb<\/em><\/p>\n<p>Comme moi, peut-\u00eatre, vous avez un style de vie soutenu o\u00f9 vos activit\u00e9s professionnelles s&rsquo;encha\u00eenent prestement avec vos projets personnels et familiaux.<br \/>\nVotre rythme de vie est dynamique, intense, voire grisant.<\/p>\n<p>Mais vous avez parfois l&rsquo;impression de courir apr\u00e8s des chim\u00e8res, de manquer de recul, de ne pas avoir suffisamment de temps pour vous&#8230;<\/p>\n<p>C&rsquo;est vrai, dans la vie moderne que nous vivons, nous regrettons parfois de ne pas prendre le temps de la r\u00e9flexion pour faire le point sur notre vie professionnelle, familiale et personnelle, sur nos projets, nos aspirations profondes, nos perspectives d&rsquo;avenir.<\/p>\n<p>Et oser r\u00e9orienter si n\u00e9cessaire notre \u00e9nergie dans une direction plus \u00e9panouissante.<\/p>\n<p>Et si vous preniez le temps de faire un break, de vous offrir une v\u00e9ritable interruption dans la course effr\u00e9n\u00e9e de votre vie ?<\/p>\n<p>C&rsquo;est justement le but de la <a title=\"Une semaine de coaching dans le Sahara\" href=\"http:\/\/www.manager-positif.com\/Sahara2012.html\" target=\"_blank\">semaine de coaching dans le Sahara\u00a0<\/a>qui vous est propos\u00e9e par Anouchka et Pierre Moulart : faire le point sur vous et votre vie, vos relations avec votre famille et ceux qui vous sont chers, vos ambitions r\u00e9alis\u00e9es ou non, vos succ\u00e8s et vos blessures, et trouver votre v\u00e9ritable voie, au milieu de l&rsquo;immensit\u00e9 magnifique du d\u00e9sert.<\/p>\n<h3><!--more-->Un nouveau d\u00e9part<\/h3>\n<p>Anouchka et Pierre Moulart sont coachs, consultants et th\u00e9rapeutes, ma\u00eetres Praticiens en PNL, rompus \u00e0 l&rsquo;Analyse Transactionnelle.<\/p>\n<p>Au cours de cette semaine, chacun apporte sa probl\u00e9matique, son questionnement, son envie de solutions ; les coachs et le groupe vous accompagnent dans la qu\u00eate de votre \u00ab<em> l\u00e9gende personnelle <\/em>\u00bb.<\/p>\n<p>Accompagn\u00e9s d&rsquo;une caravane de dromadaires et de guides Berb\u00e8res, vous vivrez des moments de r\u00e9flexion ou de partage, avec des moments forts de d\u00e9tente et de cr\u00e9ativit\u00e9, en parfaite osmose avec la grandeur, la beaut\u00e9 et la puissance du d\u00e9sert.<\/p>\n<p>Cette semaine de coaching dans le Sahara aura lieu du 26 f\u00e9vrier au 3 mars 2012 .<br \/>\nC&rsquo;est un superbe voyage et une magnifique aventure int\u00e9rieure qui vous attend l\u00e0.<\/p>\n<p>Pour d\u00e9couvrir cette opportunit\u00e9 exceptionnelle, rendez-vous ici :<br \/>\n<a title=\"Une semaine de coaching dans le Sahara\" href=\"http:\/\/www.manager-positif.com\/Sahara2012.html \" target=\"_blank\">www.manager-positif.com\/Sahara2012<\/a><\/p>\n<p>Pour conna\u00eetre les d\u00e9tails et les modalit\u00e9s pratiques, laissez vos coordonn\u00e9es sur le formulaire de la page web.<br \/>\nEt vous recevrez en cadeau des vid\u00e9os qui vous feront d\u00e9couvrir l&rsquo;envers du d\u00e9cor.<\/p>\n<p>J&rsquo;esp\u00e8re vivement que vous participerez avec nous \u00e0 cette semaine de coaching dans le Sahara, que nous pr\u00e9parons pour vous au d\u00e9part de la France.<\/p>\n<p>Bien amicalement,<br \/>\nYves de Montbron<\/p>\n<p>PS : Le nombre de participants est volontairement limit\u00e9 pour une meilleure implication\u00a0de chacun.<br \/>\nDemandez votre dossier d&rsquo;information personnel ici :<br \/>\n<a title=\"\" href=\"http:\/\/www.manager-positif.com\/Sahara2012.html\">www.manager-positif.com\/Sahara2012<\/a><\/p>\n<p>&nbsp;<\/p>\n<p><span style=\"font-family: arial; font-size: 13px; color: #0033ff;\">Et vous, avez-vous aussi l&rsquo;impression de courir apr\u00e8s la vraie vie ?<br \/>\nEt que faites-vous pour en reprendre les commandes ?<br \/>\nVous pouvez r\u00e9agir en cliquant plus bas sur \u00ab\u00a0Laisser un commentaire\u00a0\u00bb<\/span><\/p>\n","protected":false},"excerpt":{"rendered":"<p>\u00ab Je me r\u00e9veille et m&rsquo;\u00e9tire paresseusement. Le soleil brille d\u00e9j\u00e0 dans le\u00a0ciel d&rsquo;un bleu azur incroyablement pur. Tout autour de moi, les dunes ocre du d\u00e9sert forment un d\u00e9cor majestueux \u00e0 perte de vue. J&rsquo;\u00e9prouve une incroyable sensation de bien-\u00eatre. Peu \u00e0 peu, les autres membres de la caravane se retrouvent autour du campement [&hellip;]<\/p>\n","protected":false},"author":1,"featured_media":0,"comment_status":"open","ping_status":"open","sticky":false,"template":"","format":"standard","meta":{"footnotes":""},"categories":[7],"tags":[],"class_list":["post-870","post","type-post","status-publish","format-standard","hentry","category-auto-management"],"views":6984,"_links":{"self":[{"href":"http:\/\/www.manager-positif.com\/blog\/wp-json\/wp\/v2\/posts\/870","targetHints":{"allow":["GET"]}}],"collection":[{"href":"http:\/\/www.manager-positif.com\/blog\/wp-json\/wp\/v2\/posts"}],"about":[{"href":"http:\/\/www.manager-positif.com\/blog\/wp-json\/wp\/v2\/types\/post"}],"author":[{"embeddable":true,"href":"http:\/\/www.manager-positif.com\/blog\/wp-json\/wp\/v2\/users\/1"}],"replies":[{"embeddable":true,"href":"http:\/\/www.manager-positif.com\/blog\/wp-json\/wp\/v2\/comments?post=870"}],"version-history":[{"count":40,"href":"http:\/\/www.manager-positif.com\/blog\/wp-json\/wp\/v2\/posts\/870\/revisions"}],"predecessor-version":[{"id":889,"href":"http:\/\/www.manager-positif.com\/blog\/wp-json\/wp\/v2\/posts\/870\/revisions\/889"}],"wp:attachment":[{"href":"http:\/\/www.manager-positif.com\/blog\/wp-json\/wp\/v2\/media?parent=870"}],"wp:term":[{"taxonomy":"category","embeddable":true,"href":"http:\/\/www.manager-positif.com\/blog\/wp-json\/wp\/v2\/categories?post=870"},{"taxonomy":"post_tag","embeddable":true,"href":"http:\/\/www.manager-positif.com\/blog\/wp-json\/wp\/v2\/tags?post=870"}],"curies":[{"name":"wp","href":"https:\/\/api.w.org\/{rel}","templated":true}]}}